{"id":4105,"date":"2025-06-09T20:16:11","date_gmt":"2025-06-09T20:16:11","guid":{"rendered":"https:\/\/parrishandheimbecker-ag.com\/meeting-global-demand-growing-wheat-for-the-world-market\/"},"modified":"2026-02-18T08:37:09","modified_gmt":"2026-02-18T08:37:09","slug":"meeting-global-demand-growing-wheat-for-the-world-market","status":"publish","type":"post","link":"https:\/\/parrishandheimbecker-ag.com\/fr\/meeting-global-demand-growing-wheat-for-the-world-market\/","title":{"rendered":"R\u00e9pondre \u00e0 la demande mondiale\u00a0: cultiver du bl\u00e9 pour le march\u00e9 mondial"},"content":{"rendered":"\n<p>Bien que la production de bl\u00e9 de qualit\u00e9 sup\u00e9rieure soit un d\u00e9fi auquel les agriculteurs du monde entier sont confront\u00e9s, ici au Canada, nous sommes reconnus pour cultiver l\u2019un des bl\u00e9s de la meilleure qualit\u00e9 au monde. Colin Hudson, directeur des ventes de P&amp;H pour l\u2019Ouest canadien, a partag\u00e9 des d\u00e9tails sur le type de bl\u00e9 recherch\u00e9 par les march\u00e9s mondiaux et sur ce que les agriculteurs canadiens peuvent faire pour r\u00e9pondre \u00e0 ces demandes. <\/p>\n\n<h3 class=\"wp-block-heading\" id=\"h-the-world-wants-high-protein-wheat\">Le monde veut du bl\u00e9 riche en prot\u00e9ines<\/h3>\n\n<p>La teneur en prot\u00e9ines du bl\u00e9 est un facteur cl\u00e9 pour d\u00e9terminer sa commercialisation, en particulier pour des utilisations finales comme la fabrication du pain. Les prot\u00e9ines de bl\u00e9 affectent directement la capacit\u00e9 de la farine \u00e0 former du gluten lorsqu&rsquo;elle est m\u00e9lang\u00e9e \u00e0 de l&rsquo;eau et p\u00e9trie. Le gluten donne \u00e0 la p\u00e2te son \u00e9lasticit\u00e9 et sa r\u00e9sistance. <\/p>\n\n<p>La p\u00e2te fabriqu\u00e9e \u00e0 partir de farine riche en prot\u00e9ines retient plus de gaz pendant la fermentation, ce qui conduit \u00e0 une meilleure tenue, une structure am\u00e9lior\u00e9e et une texture plus moelleuse. C&rsquo;est pourquoi la farine riche en prot\u00e9ines est particuli\u00e8rement appr\u00e9ci\u00e9e dans l&rsquo;industrie de la boulangerie pour la fabrication de pains \u00e0 la levure et d&rsquo;autres produits qui n\u00e9cessitent une p\u00e2te solide et \u00e9lastique. <\/p>\n\n<figure class=\"wp-block-image size-full\"><img loading=\"lazy\" decoding=\"async\" width=\"613\" height=\"428\" src=\"https:\/\/parrishandheimbecker-ag.com\/wp-content\/uploads\/2025\/06\/bread-protein.png\" alt=\"Prot&#xE9;ines de pain\" class=\"wp-image-3843\" srcset=\"https:\/\/parrishandheimbecker-ag.com\/wp-content\/uploads\/2025\/06\/bread-protein.png 613w, https:\/\/parrishandheimbecker-ag.com\/wp-content\/uploads\/2025\/06\/bread-protein-300x209.png 300w\" sizes=\"auto, (max-width: 613px) 100vw, 613px\" \/><\/figure>\n\n<p>En tant qu\u2019entreprise c\u00e9r\u00e9ali\u00e8re offrant des services complets, accompagnant les producteurs du semis \u00e0 la commercialisation et \u00e0 la meunerie, P&amp;H suit de pr\u00e8s les march\u00e9s int\u00e9rieurs et d\u2019exportation du bl\u00e9. Nous savons que le bl\u00e9 le plus recherch\u00e9 en ce moment est un bl\u00e9 de classe 2 ROUGE avec une teneur en prot\u00e9ines de 13,5 \u00e0 13,8\u00a0%. Nous faisons tout notre possible pour nous approvisionner en bl\u00e9 r\u00e9pondant \u00e0 ces sp\u00e9cifications, tant pour nos meuneries internes que pour nos clients \u00e0 l\u2019exportation. <\/p>\n\n<h3 class=\"wp-block-heading\" id=\"h-how-farmers-can-influence-protein-content-in-wheat\">Comment les agriculteurs peuvent influencer la teneur en prot\u00e9ines du bl\u00e9 <\/h3>\n\n<p>R\u00e9pondre \u00e0 la demande du march\u00e9 en bl\u00e9 riche en prot\u00e9ines commence par la planification des cultures. Choisir la bonne vari\u00e9t\u00e9 de bl\u00e9 pour votre r\u00e9gion et \u00e9chantillonner le sol sont des \u00e9tapes essentielles pour vous aider \u00e0 obtenir le bl\u00e9 de la meilleure qualit\u00e9 et riche en prot\u00e9ines. <\/p>\n\n<p>La teneur \u00e9lev\u00e9e en prot\u00e9ines du bl\u00e9 est le r\u00e9sultat d\u2019une quantit\u00e9 ad\u00e9quate de nutriments, en particulier d\u2019azote, appliqu\u00e9e au bon moment et dans les bonnes quantit\u00e9s. D\u2019autres \u00e9l\u00e9ments \u00e0 prendre en compte en ce qui concerne l\u2019azote sont\u00a0:<\/p>\n\n<ul class=\"wp-block-list\">\n<li>les applications fractionn\u00e9es;<\/li>\n\n\n\n<li>l&rsquo;utilisation de stabilisants azot\u00e9s;<\/li>\n\n\n\n<li>et la gestion de l\u2019eau d\u2019irrigation, si cela est une option.<\/li>\n<\/ul>\n\n<p>La mani\u00e8re dont vous r\u00e9coltez et stockez votre bl\u00e9 est \u00e9galement essentielle pour garantir la conservation de la qualit\u00e9 et des prot\u00e9ines de la r\u00e9colte. Une r\u00e9colte trop t\u00f4t ou trop tard peut r\u00e9duire consid\u00e9rablement la qualit\u00e9 des graines, r\u00e9duisant ainsi la teneur en prot\u00e9ines de vos graines. Maintenir de bonnes conditions de stockage vous assure de pr\u00e9server la valeur de votre production. <\/p>\n<div class=\"wp-block-image\">\n<figure class=\"aligncenter size-large is-resized\"><img loading=\"lazy\" decoding=\"async\" width=\"1024\" height=\"683\" src=\"https:\/\/parrishandheimbecker-ag.com\/wp-content\/uploads\/2025\/04\/agriculture-field-grain-5980-1024x683.jpg\" alt=\"Agriculture Field Grain 5980\" class=\"wp-image-3780\" style=\"width:508px;height:auto\" srcset=\"https:\/\/parrishandheimbecker-ag.com\/wp-content\/uploads\/2025\/04\/agriculture-field-grain-5980-1024x683.jpg 1024w, https:\/\/parrishandheimbecker-ag.com\/wp-content\/uploads\/2025\/04\/agriculture-field-grain-5980-300x200.jpg 300w, https:\/\/parrishandheimbecker-ag.com\/wp-content\/uploads\/2025\/04\/agriculture-field-grain-5980-768x512.jpg 768w, https:\/\/parrishandheimbecker-ag.com\/wp-content\/uploads\/2025\/04\/agriculture-field-grain-5980-1536x1024.jpg 1536w, https:\/\/parrishandheimbecker-ag.com\/wp-content\/uploads\/2025\/04\/agriculture-field-grain-5980-2048x1365.jpg 2048w\" sizes=\"auto, (max-width: 1024px) 100vw, 1024px\" \/><\/figure>\n<\/div>\n<h3 class=\"wp-block-heading\" id=\"h-keeping-wheat-healthy-and-disease-free\">Garder le bl\u00e9 sain et exempt de maladies<\/h3>\n\n<p>La sant\u00e9 des plantes est \u00e9galement importante pour produire du bl\u00e9 de haute qualit\u00e9 et riche en prot\u00e9ines. Si votre plante est atteinte d&rsquo;une maladie, elle ne pourra pas se d\u00e9velopper compl\u00e8tement et remplir correctement les graines en raison de son incapacit\u00e9 \u00e0 effectuer la photosynth\u00e8se. <\/p>\n\n<p>Maintenez vos cultures en bonne sant\u00e9 en appliquant des <a href=\"https:\/\/parrishandheimbecker-ag.com\/fr\/crop-inputs\/crop-protection\/fungicides\/\">fongicides<\/a> pour pr\u00e9venir \u2013 et parfois inverser \u2013 les effets des maladies, qui emp\u00eachent les plantes d\u2019atteindre leur plein potentiel. <a href=\"https:\/\/parrishandheimbecker-ag.com\/fr\/crop-inputs\/crop-protection\/fungicides\/\">Les fongicides<\/a> prot\u00e8gent contre les maladies comme la fusariose de l&rsquo;\u00e9pi (FHB), caract\u00e9ris\u00e9e par des grains fins ou r\u00e9tr\u00e9cis ressemblant \u00e0 de la craie. Les grains endommag\u00e9s par la FHB pr\u00e9sentent une moisissure blanche ou ros\u00e2tre ou une croissance fibreuse, ce qui entra\u00eene des niveaux plus \u00e9lev\u00e9s de d\u00e9oxynival\u00e9nol (DON)\/vomitoxine dans le grain. <\/p>\n\n<p>Les fongicides aident \u00e9galement \u00e0 prot\u00e9ger le poids sp\u00e9cifique du bl\u00e9. Un poids sp\u00e9cifique plus \u00e9lev\u00e9 permet aux moulins d&rsquo;obtenir des rendements plus \u00e9lev\u00e9s dans le processus de mouture. <\/p>\n\n<p>Une application suppl\u00e9mentaire d&rsquo;azote pendant la p\u00e9riode d&rsquo;application du fongicide peut \u00e9galement contribuer \u00e0 garantir que vous cultivez le meilleur bl\u00e9 riche en prot\u00e9ines possible, car la majorit\u00e9 de l&rsquo;azote absorb\u00e9 par la plante apr\u00e8s l&rsquo;\u00e9mergence de la feuille drapeau est traduite en prot\u00e9ines. <\/p>\n\n<p>Votre P&amp;H local peut travailler avec vous pour garantir que votre r\u00e9colte de bl\u00e9 b\u00e9n\u00e9ficie de la nutrition et de la protection dont elle a besoin pour r\u00e9pondre \u00e0 la demande du march\u00e9. <a href=\"https:\/\/parrishandheimbecker-ag.com\/fr\/find-a-location\/\">Parlez \u00e0 votre agronome P&amp;H local d\u00e8s aujourd\u2019hui pour savoir comment proc\u00e9der. <\/a><\/p>\n<div class=\"wp-block-image\">\n<figure class=\"aligncenter size-large is-resized\"><img loading=\"lazy\" decoding=\"async\" width=\"768\" height=\"1024\" src=\"https:\/\/parrishandheimbecker-ag.com\/wp-content\/uploads\/2025\/04\/Brett-3-768x1024.jpg\" alt=\"Brett 3\" class=\"wp-image-3789\" style=\"width:475px;height:auto\" srcset=\"https:\/\/parrishandheimbecker-ag.com\/wp-content\/uploads\/2025\/04\/Brett-3-768x1024.jpg 768w, https:\/\/parrishandheimbecker-ag.com\/wp-content\/uploads\/2025\/04\/Brett-3-225x300.jpg 225w, https:\/\/parrishandheimbecker-ag.com\/wp-content\/uploads\/2025\/04\/Brett-3-1152x1536.jpg 1152w, https:\/\/parrishandheimbecker-ag.com\/wp-content\/uploads\/2025\/04\/Brett-3-1536x2048.jpg 1536w, https:\/\/parrishandheimbecker-ag.com\/wp-content\/uploads\/2025\/04\/Brett-3-scaled.jpg 1920w\" sizes=\"auto, (max-width: 768px) 100vw, 768px\" \/><\/figure>\n<\/div>","protected":false},"excerpt":{"rendered":"<p>Bien que la production de bl\u00e9 de qualit\u00e9 sup\u00e9rieure soit un d\u00e9fi auquel les agriculteurs&#8230;<\/p>\n","protected":false},"author":7,"featured_media":0,"comment_status":"closed","ping_status":"closed","sticky":false,"template":"","format":"standard","meta":{"_acf_changed":false,"_relevanssi_hide_post":"","_relevanssi_hide_content":"","_relevanssi_pin_for_all":"","_relevanssi_pin_keywords":"","_relevanssi_unpin_keywords":"","_relevanssi_related_keywords":"","_relevanssi_related_include_ids":"","_relevanssi_related_exclude_ids":"","_relevanssi_related_no_append":"","_relevanssi_related_not_related":"","_relevanssi_related_posts":"343,2049,2050,2052,2059,2086","_relevanssi_noindex_reason":"","footnotes":""},"categories":[138,137],"tags":[],"class_list":["post-4105","post","type-post","status-publish","format-standard","hentry","category-east-fr","category-west-fr"],"acf":[],"yoast_head":"<!-- This site is optimized with the Yoast SEO Premium plugin v25.2 (Yoast SEO v27.4) - https:\/\/yoast.com\/product\/yoast-seo-premium-wordpress\/ -->\n<title>R\u00e9pondre \u00e0 la demande mondiale\u00a0: cultiver du bl\u00e9 pour le march\u00e9 mondial - P&amp;H Crop Inputs and Grain<\/title>\n<meta name=\"robots\" content=\"index, follow, max-snippet:-1, max-image-preview:large, max-video-preview:-1\" \/>\n<link rel=\"canonical\" href=\"https:\/\/parrishandheimbecker-ag.com\/fr\/meeting-global-demand-growing-wheat-for-the-world-market\/\" \/>\n<meta property=\"og:locale\" content=\"fr_FR\" \/>\n<meta property=\"og:type\" content=\"article\" \/>\n<meta property=\"og:title\" content=\"R\u00e9pondre \u00e0 la demande mondiale\u00a0: cultiver du bl\u00e9 pour le march\u00e9 mondial\" \/>\n<meta property=\"og:description\" content=\"Bien que la production de bl\u00e9 de qualit\u00e9 sup\u00e9rieure soit un d\u00e9fi auquel les agriculteurs...\" \/>\n<meta property=\"og:url\" content=\"https:\/\/parrishandheimbecker-ag.com\/fr\/meeting-global-demand-growing-wheat-for-the-world-market\/\" \/>\n<meta property=\"og:site_name\" content=\"P&amp;H Crop Inputs and Grain\" \/>\n<meta property=\"article:publisher\" content=\"https:\/\/www.facebook.com\/ParrishHeimbecker\" \/>\n<meta property=\"article:published_time\" content=\"2025-06-09T20:16:11+00:00\" \/>\n<meta property=\"article:modified_time\" content=\"2026-02-18T08:37:09+00:00\" \/>\n<meta property=\"og:image\" content=\"https:\/\/parrishandheimbecker-ag.com\/wp-content\/uploads\/2025\/06\/bread-protein.png\" \/>\n\t<meta property=\"og:image:width\" content=\"613\" \/>\n\t<meta property=\"og:image:height\" content=\"428\" \/>\n\t<meta property=\"og:image:type\" content=\"image\/png\" \/>\n<meta name=\"author\" content=\"Oksana Preachuk\" \/>\n<meta name=\"twitter:card\" content=\"summary_large_image\" \/>\n<meta name=\"twitter:creator\" content=\"@ParrishHeimbeck\" \/>\n<meta name=\"twitter:site\" content=\"@ParrishHeimbeck\" \/>\n<meta name=\"twitter:label1\" content=\"Written by\" \/>\n\t<meta name=\"twitter:data1\" content=\"Oksana Preachuk\" \/>\n\t<meta name=\"twitter:label2\" content=\"Est. reading time\" \/>\n\t<meta name=\"twitter:data2\" content=\"4 minutes\" \/>\n<script type=\"application\/ld+json\" class=\"yoast-schema-graph\">{\"@context\":\"https:\\\/\\\/schema.org\",\"@graph\":[{\"@type\":\"Article\",\"@id\":\"https:\\\/\\\/parrishandheimbecker-ag.com\\\/fr\\\/meeting-global-demand-growing-wheat-for-the-world-market\\\/#article\",\"isPartOf\":{\"@id\":\"https:\\\/\\\/parrishandheimbecker-ag.com\\\/fr\\\/meeting-global-demand-growing-wheat-for-the-world-market\\\/\"},\"author\":{\"name\":\"Oksana Preachuk\",\"@id\":\"https:\\\/\\\/parrishandheimbecker-ag.com\\\/fr\\\/#\\\/schema\\\/person\\\/b547db8165d52796454c22ee4d48b08e\"},\"headline\":\"R\u00e9pondre \u00e0 la demande mondiale\u00a0: cultiver du bl\u00e9 pour le march\u00e9 mondial\",\"datePublished\":\"2025-06-09T20:16:11+00:00\",\"dateModified\":\"2026-02-18T08:37:09+00:00\",\"mainEntityOfPage\":{\"@id\":\"https:\\\/\\\/parrishandheimbecker-ag.com\\\/fr\\\/meeting-global-demand-growing-wheat-for-the-world-market\\\/\"},\"wordCount\":840,\"publisher\":{\"@id\":\"https:\\\/\\\/parrishandheimbecker-ag.com\\\/fr\\\/#organization\"},\"image\":{\"@id\":\"https:\\\/\\\/parrishandheimbecker-ag.com\\\/fr\\\/meeting-global-demand-growing-wheat-for-the-world-market\\\/#primaryimage\"},\"thumbnailUrl\":\"https:\\\/\\\/parrishandheimbecker-ag.com\\\/wp-content\\\/uploads\\\/2025\\\/06\\\/bread-protein.png\",\"articleSection\":[\"Eastern Canada\",\"Western Canada\"],\"inLanguage\":\"fr-FR\"},{\"@type\":\"WebPage\",\"@id\":\"https:\\\/\\\/parrishandheimbecker-ag.com\\\/fr\\\/meeting-global-demand-growing-wheat-for-the-world-market\\\/\",\"url\":\"https:\\\/\\\/parrishandheimbecker-ag.com\\\/fr\\\/meeting-global-demand-growing-wheat-for-the-world-market\\\/\",\"name\":\"R\u00e9pondre \u00e0 la demande mondiale\u00a0: cultiver du bl\u00e9 pour le march\u00e9 mondial - P&amp;H Crop Inputs and Grain\",\"isPartOf\":{\"@id\":\"https:\\\/\\\/parrishandheimbecker-ag.com\\\/fr\\\/#website\"},\"primaryImageOfPage\":{\"@id\":\"https:\\\/\\\/parrishandheimbecker-ag.com\\\/fr\\\/meeting-global-demand-growing-wheat-for-the-world-market\\\/#primaryimage\"},\"image\":{\"@id\":\"https:\\\/\\\/parrishandheimbecker-ag.com\\\/fr\\\/meeting-global-demand-growing-wheat-for-the-world-market\\\/#primaryimage\"},\"thumbnailUrl\":\"https:\\\/\\\/parrishandheimbecker-ag.com\\\/wp-content\\\/uploads\\\/2025\\\/06\\\/bread-protein.png\",\"datePublished\":\"2025-06-09T20:16:11+00:00\",\"dateModified\":\"2026-02-18T08:37:09+00:00\",\"breadcrumb\":{\"@id\":\"https:\\\/\\\/parrishandheimbecker-ag.com\\\/fr\\\/meeting-global-demand-growing-wheat-for-the-world-market\\\/#breadcrumb\"},\"inLanguage\":\"fr-FR\",\"potentialAction\":[{\"@type\":\"ReadAction\",\"target\":[\"https:\\\/\\\/parrishandheimbecker-ag.com\\\/fr\\\/meeting-global-demand-growing-wheat-for-the-world-market\\\/\"]}]},{\"@type\":\"ImageObject\",\"inLanguage\":\"fr-FR\",\"@id\":\"https:\\\/\\\/parrishandheimbecker-ag.com\\\/fr\\\/meeting-global-demand-growing-wheat-for-the-world-market\\\/#primaryimage\",\"url\":\"https:\\\/\\\/parrishandheimbecker-ag.com\\\/wp-content\\\/uploads\\\/2025\\\/06\\\/bread-protein.png\",\"contentUrl\":\"https:\\\/\\\/parrishandheimbecker-ag.com\\\/wp-content\\\/uploads\\\/2025\\\/06\\\/bread-protein.png\"},{\"@type\":\"BreadcrumbList\",\"@id\":\"https:\\\/\\\/parrishandheimbecker-ag.com\\\/fr\\\/meeting-global-demand-growing-wheat-for-the-world-market\\\/#breadcrumb\",\"itemListElement\":[{\"@type\":\"ListItem\",\"position\":1,\"name\":\"Home\",\"item\":\"https:\\\/\\\/parrishandheimbecker-ag.com\\\/fr\\\/\"},{\"@type\":\"ListItem\",\"position\":2,\"name\":\"R\u00e9pondre \u00e0 la demande mondiale\u00a0: cultiver du bl\u00e9 pour le march\u00e9 mondial\"}]},{\"@type\":\"WebSite\",\"@id\":\"https:\\\/\\\/parrishandheimbecker-ag.com\\\/fr\\\/#website\",\"url\":\"https:\\\/\\\/parrishandheimbecker-ag.com\\\/fr\\\/\",\"name\":\"P&H Crop Inputs and Grain\",\"description\":\"\",\"publisher\":{\"@id\":\"https:\\\/\\\/parrishandheimbecker-ag.com\\\/fr\\\/#organization\"},\"alternateName\":\"Parrish & Heimbecker Crop Inputs and Grain\",\"potentialAction\":[{\"@type\":\"SearchAction\",\"target\":{\"@type\":\"EntryPoint\",\"urlTemplate\":\"https:\\\/\\\/parrishandheimbecker-ag.com\\\/fr\\\/?s={search_term_string}\"},\"query-input\":{\"@type\":\"PropertyValueSpecification\",\"valueRequired\":true,\"valueName\":\"search_term_string\"}}],\"inLanguage\":\"fr-FR\"},{\"@type\":\"Organization\",\"@id\":\"https:\\\/\\\/parrishandheimbecker-ag.com\\\/fr\\\/#organization\",\"name\":\"P&H Agriculture\",\"url\":\"https:\\\/\\\/parrishandheimbecker-ag.com\\\/fr\\\/\",\"logo\":{\"@type\":\"ImageObject\",\"inLanguage\":\"fr-FR\",\"@id\":\"https:\\\/\\\/parrishandheimbecker-ag.com\\\/fr\\\/#\\\/schema\\\/logo\\\/image\\\/\",\"url\":\"https:\\\/\\\/parrishandheimbecker-ag.com\\\/wp-content\\\/uploads\\\/2024\\\/08\\\/PH-Shield_Ampersand_Lockup_RGB-300x226-1.png\",\"contentUrl\":\"https:\\\/\\\/parrishandheimbecker-ag.com\\\/wp-content\\\/uploads\\\/2024\\\/08\\\/PH-Shield_Ampersand_Lockup_RGB-300x226-1.png\",\"width\":300,\"height\":226,\"caption\":\"P&H Agriculture\"},\"image\":{\"@id\":\"https:\\\/\\\/parrishandheimbecker-ag.com\\\/fr\\\/#\\\/schema\\\/logo\\\/image\\\/\"},\"sameAs\":[\"https:\\\/\\\/www.facebook.com\\\/ParrishHeimbecker\",\"https:\\\/\\\/x.com\\\/ParrishHeimbeck\"]},{\"@type\":\"Person\",\"@id\":\"https:\\\/\\\/parrishandheimbecker-ag.com\\\/fr\\\/#\\\/schema\\\/person\\\/b547db8165d52796454c22ee4d48b08e\",\"name\":\"Oksana Preachuk\",\"image\":{\"@type\":\"ImageObject\",\"inLanguage\":\"fr-FR\",\"@id\":\"https:\\\/\\\/secure.gravatar.com\\\/avatar\\\/d7a47a25350fac02d20f452da6f098b6608349d42624a287cfb4f0c276bcac88?s=96&d=mm&r=g\",\"url\":\"https:\\\/\\\/secure.gravatar.com\\\/avatar\\\/d7a47a25350fac02d20f452da6f098b6608349d42624a287cfb4f0c276bcac88?s=96&d=mm&r=g\",\"contentUrl\":\"https:\\\/\\\/secure.gravatar.com\\\/avatar\\\/d7a47a25350fac02d20f452da6f098b6608349d42624a287cfb4f0c276bcac88?s=96&d=mm&r=g\",\"caption\":\"Oksana Preachuk\"},\"url\":\"https:\\\/\\\/parrishandheimbecker-ag.com\\\/fr\\\/author\\\/oksana-preachuk\\\/\"}]}<\/script>\n<!-- \/ Yoast SEO Premium plugin. -->","yoast_head_json":{"title":"R\u00e9pondre \u00e0 la demande mondiale\u00a0: cultiver du bl\u00e9 pour le march\u00e9 mondial - P&amp;H Crop Inputs and Grain","robots":{"index":"index","follow":"follow","max-snippet":"max-snippet:-1","max-image-preview":"max-image-preview:large","max-video-preview":"max-video-preview:-1"},"canonical":"https:\/\/parrishandheimbecker-ag.com\/fr\/meeting-global-demand-growing-wheat-for-the-world-market\/","og_locale":"fr_FR","og_type":"article","og_title":"R\u00e9pondre \u00e0 la demande mondiale\u00a0: cultiver du bl\u00e9 pour le march\u00e9 mondial","og_description":"Bien que la production de bl\u00e9 de qualit\u00e9 sup\u00e9rieure soit un d\u00e9fi auquel les agriculteurs...","og_url":"https:\/\/parrishandheimbecker-ag.com\/fr\/meeting-global-demand-growing-wheat-for-the-world-market\/","og_site_name":"P&amp;H Crop Inputs and Grain","article_publisher":"https:\/\/www.facebook.com\/ParrishHeimbecker","article_published_time":"2025-06-09T20:16:11+00:00","article_modified_time":"2026-02-18T08:37:09+00:00","og_image":[{"width":613,"height":428,"url":"https:\/\/parrishandheimbecker-ag.com\/wp-content\/uploads\/2025\/06\/bread-protein.png","type":"image\/png"}],"author":"Oksana Preachuk","twitter_card":"summary_large_image","twitter_creator":"@ParrishHeimbeck","twitter_site":"@ParrishHeimbeck","twitter_misc":{"Written by":"Oksana Preachuk","Est. reading time":"4 minutes"},"schema":{"@context":"https:\/\/schema.org","@graph":[{"@type":"Article","@id":"https:\/\/parrishandheimbecker-ag.com\/fr\/meeting-global-demand-growing-wheat-for-the-world-market\/#article","isPartOf":{"@id":"https:\/\/parrishandheimbecker-ag.com\/fr\/meeting-global-demand-growing-wheat-for-the-world-market\/"},"author":{"name":"Oksana Preachuk","@id":"https:\/\/parrishandheimbecker-ag.com\/fr\/#\/schema\/person\/b547db8165d52796454c22ee4d48b08e"},"headline":"R\u00e9pondre \u00e0 la demande mondiale\u00a0: cultiver du bl\u00e9 pour le march\u00e9 mondial","datePublished":"2025-06-09T20:16:11+00:00","dateModified":"2026-02-18T08:37:09+00:00","mainEntityOfPage":{"@id":"https:\/\/parrishandheimbecker-ag.com\/fr\/meeting-global-demand-growing-wheat-for-the-world-market\/"},"wordCount":840,"publisher":{"@id":"https:\/\/parrishandheimbecker-ag.com\/fr\/#organization"},"image":{"@id":"https:\/\/parrishandheimbecker-ag.com\/fr\/meeting-global-demand-growing-wheat-for-the-world-market\/#primaryimage"},"thumbnailUrl":"https:\/\/parrishandheimbecker-ag.com\/wp-content\/uploads\/2025\/06\/bread-protein.png","articleSection":["Eastern Canada","Western Canada"],"inLanguage":"fr-FR"},{"@type":"WebPage","@id":"https:\/\/parrishandheimbecker-ag.com\/fr\/meeting-global-demand-growing-wheat-for-the-world-market\/","url":"https:\/\/parrishandheimbecker-ag.com\/fr\/meeting-global-demand-growing-wheat-for-the-world-market\/","name":"R\u00e9pondre \u00e0 la demande mondiale\u00a0: cultiver du bl\u00e9 pour le march\u00e9 mondial - P&amp;H Crop Inputs and Grain","isPartOf":{"@id":"https:\/\/parrishandheimbecker-ag.com\/fr\/#website"},"primaryImageOfPage":{"@id":"https:\/\/parrishandheimbecker-ag.com\/fr\/meeting-global-demand-growing-wheat-for-the-world-market\/#primaryimage"},"image":{"@id":"https:\/\/parrishandheimbecker-ag.com\/fr\/meeting-global-demand-growing-wheat-for-the-world-market\/#primaryimage"},"thumbnailUrl":"https:\/\/parrishandheimbecker-ag.com\/wp-content\/uploads\/2025\/06\/bread-protein.png","datePublished":"2025-06-09T20:16:11+00:00","dateModified":"2026-02-18T08:37:09+00:00","breadcrumb":{"@id":"https:\/\/parrishandheimbecker-ag.com\/fr\/meeting-global-demand-growing-wheat-for-the-world-market\/#breadcrumb"},"inLanguage":"fr-FR","potentialAction":[{"@type":"ReadAction","target":["https:\/\/parrishandheimbecker-ag.com\/fr\/meeting-global-demand-growing-wheat-for-the-world-market\/"]}]},{"@type":"ImageObject","inLanguage":"fr-FR","@id":"https:\/\/parrishandheimbecker-ag.com\/fr\/meeting-global-demand-growing-wheat-for-the-world-market\/#primaryimage","url":"https:\/\/parrishandheimbecker-ag.com\/wp-content\/uploads\/2025\/06\/bread-protein.png","contentUrl":"https:\/\/parrishandheimbecker-ag.com\/wp-content\/uploads\/2025\/06\/bread-protein.png"},{"@type":"BreadcrumbList","@id":"https:\/\/parrishandheimbecker-ag.com\/fr\/meeting-global-demand-growing-wheat-for-the-world-market\/#breadcrumb","itemListElement":[{"@type":"ListItem","position":1,"name":"Home","item":"https:\/\/parrishandheimbecker-ag.com\/fr\/"},{"@type":"ListItem","position":2,"name":"R\u00e9pondre \u00e0 la demande mondiale\u00a0: cultiver du bl\u00e9 pour le march\u00e9 mondial"}]},{"@type":"WebSite","@id":"https:\/\/parrishandheimbecker-ag.com\/fr\/#website","url":"https:\/\/parrishandheimbecker-ag.com\/fr\/","name":"P&H Crop Inputs and Grain","description":"","publisher":{"@id":"https:\/\/parrishandheimbecker-ag.com\/fr\/#organization"},"alternateName":"Parrish & Heimbecker Crop Inputs and Grain","potentialAction":[{"@type":"SearchAction","target":{"@type":"EntryPoint","urlTemplate":"https:\/\/parrishandheimbecker-ag.com\/fr\/?s={search_term_string}"},"query-input":{"@type":"PropertyValueSpecification","valueRequired":true,"valueName":"search_term_string"}}],"inLanguage":"fr-FR"},{"@type":"Organization","@id":"https:\/\/parrishandheimbecker-ag.com\/fr\/#organization","name":"P&H Agriculture","url":"https:\/\/parrishandheimbecker-ag.com\/fr\/","logo":{"@type":"ImageObject","inLanguage":"fr-FR","@id":"https:\/\/parrishandheimbecker-ag.com\/fr\/#\/schema\/logo\/image\/","url":"https:\/\/parrishandheimbecker-ag.com\/wp-content\/uploads\/2024\/08\/PH-Shield_Ampersand_Lockup_RGB-300x226-1.png","contentUrl":"https:\/\/parrishandheimbecker-ag.com\/wp-content\/uploads\/2024\/08\/PH-Shield_Ampersand_Lockup_RGB-300x226-1.png","width":300,"height":226,"caption":"P&H Agriculture"},"image":{"@id":"https:\/\/parrishandheimbecker-ag.com\/fr\/#\/schema\/logo\/image\/"},"sameAs":["https:\/\/www.facebook.com\/ParrishHeimbecker","https:\/\/x.com\/ParrishHeimbeck"]},{"@type":"Person","@id":"https:\/\/parrishandheimbecker-ag.com\/fr\/#\/schema\/person\/b547db8165d52796454c22ee4d48b08e","name":"Oksana Preachuk","image":{"@type":"ImageObject","inLanguage":"fr-FR","@id":"https:\/\/secure.gravatar.com\/avatar\/d7a47a25350fac02d20f452da6f098b6608349d42624a287cfb4f0c276bcac88?s=96&d=mm&r=g","url":"https:\/\/secure.gravatar.com\/avatar\/d7a47a25350fac02d20f452da6f098b6608349d42624a287cfb4f0c276bcac88?s=96&d=mm&r=g","contentUrl":"https:\/\/secure.gravatar.com\/avatar\/d7a47a25350fac02d20f452da6f098b6608349d42624a287cfb4f0c276bcac88?s=96&d=mm&r=g","caption":"Oksana Preachuk"},"url":"https:\/\/parrishandheimbecker-ag.com\/fr\/author\/oksana-preachuk\/"}]}},"_links":{"self":[{"href":"https:\/\/parrishandheimbecker-ag.com\/fr\/wp-json\/wp\/v2\/posts\/4105","targetHints":{"allow":["GET"]}}],"collection":[{"href":"https:\/\/parrishandheimbecker-ag.com\/fr\/wp-json\/wp\/v2\/posts"}],"about":[{"href":"https:\/\/parrishandheimbecker-ag.com\/fr\/wp-json\/wp\/v2\/types\/post"}],"author":[{"embeddable":true,"href":"https:\/\/parrishandheimbecker-ag.com\/fr\/wp-json\/wp\/v2\/users\/7"}],"replies":[{"embeddable":true,"href":"https:\/\/parrishandheimbecker-ag.com\/fr\/wp-json\/wp\/v2\/comments?post=4105"}],"version-history":[{"count":0,"href":"https:\/\/parrishandheimbecker-ag.com\/fr\/wp-json\/wp\/v2\/posts\/4105\/revisions"}],"wp:attachment":[{"href":"https:\/\/parrishandheimbecker-ag.com\/fr\/wp-json\/wp\/v2\/media?parent=4105"}],"wp:term":[{"taxonomy":"category","embeddable":true,"href":"https:\/\/parrishandheimbecker-ag.com\/fr\/wp-json\/wp\/v2\/categories?post=4105"},{"taxonomy":"post_tag","embeddable":true,"href":"https:\/\/parrishandheimbecker-ag.com\/fr\/wp-json\/wp\/v2\/tags?post=4105"}],"curies":[{"name":"wp","href":"https:\/\/api.w.org\/{rel}","templated":true}]}}