{"id":4115,"date":"2025-04-02T18:38:16","date_gmt":"2025-04-02T18:38:16","guid":{"rendered":"https:\/\/parrishandheimbecker-ag.com\/2024-farmland-values-in-canada-fcc-report\/"},"modified":"2026-01-29T20:39:03","modified_gmt":"2026-01-29T20:39:03","slug":"2024-farmland-values-in-canada-fcc-report","status":"publish","type":"post","link":"https:\/\/parrishandheimbecker-ag.com\/fr\/2024-farmland-values-in-canada-fcc-report\/","title":{"rendered":"Valeur des terres agricoles au Canada en 2024 \u2013 Rapport de la FAC"},"content":{"rendered":"\n<p>La valeur moyenne des terres agricoles cultiv\u00e9es au Canada a augment\u00e9 de 9,3 % en 2024. C\u2019est l\u00e9g\u00e8rement moins que l\u2019augmentation de 11,5 % enregistr\u00e9e en 2023. La FAC a signal\u00e9 une tendance nationale \u00e0 l\u2019augmentation de la valeur des terres agricoles depuis plus de 30 ans et 2024 poursuit cette s\u00e9quence. La tendance g\u00e9n\u00e9rale refl\u00e8te la demande continue de terres agricoles de qualit\u00e9, influenc\u00e9e par divers facteurs \u00e9conomiques et environnementaux.<\/p>\n\n<p>Pour en savoir plus sur les valeurs des terres agricoles de 2024 et consulter le rapport complet de la FAC, cliquez <a href=\"https:\/\/www.fcc-fac.ca\/en\/knowledge\/economics\/2024-farmland-values-canada-steady-growth\">ici<\/a>. <\/p>\n\n<figure class=\"wp-block-image size-full\"><img loading=\"lazy\" decoding=\"async\" width=\"800\" height=\"420\" src=\"https:\/\/parrishandheimbecker-ag.com\/wp-content\/uploads\/2025\/04\/7dcafd53-cf02-47a8-a346-ce5c13fc6747.jpg\" alt=\"Une photo d'un champ de bl&#xE9; sous un ciel bleu avec des nuages blancs et duveteux.\" class=\"wp-image-3764\" srcset=\"https:\/\/parrishandheimbecker-ag.com\/wp-content\/uploads\/2025\/04\/7dcafd53-cf02-47a8-a346-ce5c13fc6747.jpg 800w, https:\/\/parrishandheimbecker-ag.com\/wp-content\/uploads\/2025\/04\/7dcafd53-cf02-47a8-a346-ce5c13fc6747-300x158.jpg 300w, https:\/\/parrishandheimbecker-ag.com\/wp-content\/uploads\/2025\/04\/7dcafd53-cf02-47a8-a346-ce5c13fc6747-768x403.jpg 768w\" sizes=\"auto, (max-width: 800px) 100vw, 800px\" \/><\/figure>\n","protected":false},"excerpt":{"rendered":"<p>La valeur moyenne des terres agricoles cultiv\u00e9es au Canada a augment\u00e9 de 9,3 % en&#8230;<\/p>\n","protected":false},"author":7,"featured_media":0,"comment_status":"open","ping_status":"open","sticky":false,"template":"","format":"standard","meta":{"_acf_changed":false,"_relevanssi_hide_post":"","_relevanssi_hide_content":"","_relevanssi_pin_for_all":"","_relevanssi_pin_keywords":"","_relevanssi_unpin_keywords":"","_relevanssi_related_keywords":"","_relevanssi_related_include_ids":"","_relevanssi_related_exclude_ids":"","_relevanssi_related_no_append":"","_relevanssi_related_not_related":"","_relevanssi_related_posts":"343,751,2049,2050,2052,2059","_relevanssi_noindex_reason":"","footnotes":""},"categories":[15,19],"tags":[],"class_list":["post-4115","post","type-post","status-publish","format-standard","hentry","category-east","category-west"],"acf":[],"yoast_head":"<!-- This site is optimized with the Yoast SEO Premium plugin v25.2 (Yoast SEO v27.4) - https:\/\/yoast.com\/product\/yoast-seo-premium-wordpress\/ -->\n<title>Valeur des terres agricoles au Canada en 2024 \u2013 Rapport de la FAC - P&amp;H Crop Inputs and Grain<\/title>\n<meta name=\"robots\" content=\"index, follow, max-snippet:-1, max-image-preview:large, max-video-preview:-1\" \/>\n<link rel=\"canonical\" href=\"https:\/\/parrishandheimbecker-ag.com\/fr\/2024-farmland-values-in-canada-fcc-report\/\" \/>\n<meta property=\"og:locale\" content=\"fr_FR\" \/>\n<meta property=\"og:type\" content=\"article\" \/>\n<meta property=\"og:title\" content=\"Valeur des terres agricoles au Canada en 2024 \u2013 Rapport de la FAC\" \/>\n<meta property=\"og:description\" content=\"La valeur moyenne des terres agricoles cultiv\u00e9es au Canada a augment\u00e9 de 9,3 % en...\" \/>\n<meta property=\"og:url\" content=\"https:\/\/parrishandheimbecker-ag.com\/fr\/2024-farmland-values-in-canada-fcc-report\/\" \/>\n<meta property=\"og:site_name\" content=\"P&amp;H Crop Inputs and Grain\" \/>\n<meta property=\"article:publisher\" content=\"https:\/\/www.facebook.com\/ParrishHeimbecker\" \/>\n<meta property=\"article:published_time\" content=\"2025-04-02T18:38:16+00:00\" \/>\n<meta property=\"article:modified_time\" content=\"2026-01-29T20:39:03+00:00\" \/>\n<meta property=\"og:image\" content=\"https:\/\/parrishandheimbecker-ag.com\/wp-content\/uploads\/2025\/04\/7dcafd53-cf02-47a8-a346-ce5c13fc6747.jpg\" \/>\n\t<meta property=\"og:image:width\" content=\"800\" \/>\n\t<meta property=\"og:image:height\" content=\"420\" \/>\n\t<meta property=\"og:image:type\" content=\"image\/jpeg\" \/>\n<meta name=\"author\" content=\"Oksana Preachuk\" \/>\n<meta name=\"twitter:card\" content=\"summary_large_image\" \/>\n<meta name=\"twitter:creator\" content=\"@ParrishHeimbeck\" \/>\n<meta name=\"twitter:site\" content=\"@ParrishHeimbeck\" \/>\n<meta name=\"twitter:label1\" content=\"Written by\" \/>\n\t<meta name=\"twitter:data1\" content=\"Oksana Preachuk\" \/>\n\t<meta name=\"twitter:label2\" content=\"Est. reading time\" \/>\n\t<meta name=\"twitter:data2\" content=\"1 minute\" \/>\n<script type=\"application\/ld+json\" class=\"yoast-schema-graph\">{\"@context\":\"https:\\\/\\\/schema.org\",\"@graph\":[{\"@type\":\"Article\",\"@id\":\"https:\\\/\\\/parrishandheimbecker-ag.com\\\/fr\\\/2024-farmland-values-in-canada-fcc-report\\\/#article\",\"isPartOf\":{\"@id\":\"https:\\\/\\\/parrishandheimbecker-ag.com\\\/fr\\\/2024-farmland-values-in-canada-fcc-report\\\/\"},\"author\":{\"name\":\"Oksana Preachuk\",\"@id\":\"https:\\\/\\\/parrishandheimbecker-ag.com\\\/fr\\\/#\\\/schema\\\/person\\\/b547db8165d52796454c22ee4d48b08e\"},\"headline\":\"Valeur des terres agricoles au Canada en 2024 \u2013 Rapport de la FAC\",\"datePublished\":\"2025-04-02T18:38:16+00:00\",\"dateModified\":\"2026-01-29T20:39:03+00:00\",\"mainEntityOfPage\":{\"@id\":\"https:\\\/\\\/parrishandheimbecker-ag.com\\\/fr\\\/2024-farmland-values-in-canada-fcc-report\\\/\"},\"wordCount\":106,\"commentCount\":0,\"publisher\":{\"@id\":\"https:\\\/\\\/parrishandheimbecker-ag.com\\\/fr\\\/#organization\"},\"image\":{\"@id\":\"https:\\\/\\\/parrishandheimbecker-ag.com\\\/fr\\\/2024-farmland-values-in-canada-fcc-report\\\/#primaryimage\"},\"thumbnailUrl\":\"https:\\\/\\\/parrishandheimbecker-ag.com\\\/wp-content\\\/uploads\\\/2025\\\/04\\\/7dcafd53-cf02-47a8-a346-ce5c13fc6747.jpg\",\"articleSection\":[\"Eastern Canada\",\"Western Canada\"],\"inLanguage\":\"fr-FR\",\"potentialAction\":[{\"@type\":\"CommentAction\",\"name\":\"Comment\",\"target\":[\"https:\\\/\\\/parrishandheimbecker-ag.com\\\/fr\\\/2024-farmland-values-in-canada-fcc-report\\\/#respond\"]}]},{\"@type\":\"WebPage\",\"@id\":\"https:\\\/\\\/parrishandheimbecker-ag.com\\\/fr\\\/2024-farmland-values-in-canada-fcc-report\\\/\",\"url\":\"https:\\\/\\\/parrishandheimbecker-ag.com\\\/fr\\\/2024-farmland-values-in-canada-fcc-report\\\/\",\"name\":\"Valeur des terres agricoles au Canada en 2024 \u2013 Rapport de la FAC - P&amp;H Crop Inputs and Grain\",\"isPartOf\":{\"@id\":\"https:\\\/\\\/parrishandheimbecker-ag.com\\\/fr\\\/#website\"},\"primaryImageOfPage\":{\"@id\":\"https:\\\/\\\/parrishandheimbecker-ag.com\\\/fr\\\/2024-farmland-values-in-canada-fcc-report\\\/#primaryimage\"},\"image\":{\"@id\":\"https:\\\/\\\/parrishandheimbecker-ag.com\\\/fr\\\/2024-farmland-values-in-canada-fcc-report\\\/#primaryimage\"},\"thumbnailUrl\":\"https:\\\/\\\/parrishandheimbecker-ag.com\\\/wp-content\\\/uploads\\\/2025\\\/04\\\/7dcafd53-cf02-47a8-a346-ce5c13fc6747.jpg\",\"datePublished\":\"2025-04-02T18:38:16+00:00\",\"dateModified\":\"2026-01-29T20:39:03+00:00\",\"breadcrumb\":{\"@id\":\"https:\\\/\\\/parrishandheimbecker-ag.com\\\/fr\\\/2024-farmland-values-in-canada-fcc-report\\\/#breadcrumb\"},\"inLanguage\":\"fr-FR\",\"potentialAction\":[{\"@type\":\"ReadAction\",\"target\":[\"https:\\\/\\\/parrishandheimbecker-ag.com\\\/fr\\\/2024-farmland-values-in-canada-fcc-report\\\/\"]}]},{\"@type\":\"ImageObject\",\"inLanguage\":\"fr-FR\",\"@id\":\"https:\\\/\\\/parrishandheimbecker-ag.com\\\/fr\\\/2024-farmland-values-in-canada-fcc-report\\\/#primaryimage\",\"url\":\"https:\\\/\\\/parrishandheimbecker-ag.com\\\/wp-content\\\/uploads\\\/2025\\\/04\\\/7dcafd53-cf02-47a8-a346-ce5c13fc6747.jpg\",\"contentUrl\":\"https:\\\/\\\/parrishandheimbecker-ag.com\\\/wp-content\\\/uploads\\\/2025\\\/04\\\/7dcafd53-cf02-47a8-a346-ce5c13fc6747.jpg\"},{\"@type\":\"BreadcrumbList\",\"@id\":\"https:\\\/\\\/parrishandheimbecker-ag.com\\\/fr\\\/2024-farmland-values-in-canada-fcc-report\\\/#breadcrumb\",\"itemListElement\":[{\"@type\":\"ListItem\",\"position\":1,\"name\":\"Home\",\"item\":\"https:\\\/\\\/parrishandheimbecker-ag.com\\\/fr\\\/\"},{\"@type\":\"ListItem\",\"position\":2,\"name\":\"Valeur des terres agricoles au Canada en 2024 \u2013 Rapport de la FAC\"}]},{\"@type\":\"WebSite\",\"@id\":\"https:\\\/\\\/parrishandheimbecker-ag.com\\\/fr\\\/#website\",\"url\":\"https:\\\/\\\/parrishandheimbecker-ag.com\\\/fr\\\/\",\"name\":\"P&H Crop Inputs and Grain\",\"description\":\"\",\"publisher\":{\"@id\":\"https:\\\/\\\/parrishandheimbecker-ag.com\\\/fr\\\/#organization\"},\"alternateName\":\"Parrish & Heimbecker Crop Inputs and Grain\",\"potentialAction\":[{\"@type\":\"SearchAction\",\"target\":{\"@type\":\"EntryPoint\",\"urlTemplate\":\"https:\\\/\\\/parrishandheimbecker-ag.com\\\/fr\\\/?s={search_term_string}\"},\"query-input\":{\"@type\":\"PropertyValueSpecification\",\"valueRequired\":true,\"valueName\":\"search_term_string\"}}],\"inLanguage\":\"fr-FR\"},{\"@type\":\"Organization\",\"@id\":\"https:\\\/\\\/parrishandheimbecker-ag.com\\\/fr\\\/#organization\",\"name\":\"P&H Agriculture\",\"url\":\"https:\\\/\\\/parrishandheimbecker-ag.com\\\/fr\\\/\",\"logo\":{\"@type\":\"ImageObject\",\"inLanguage\":\"fr-FR\",\"@id\":\"https:\\\/\\\/parrishandheimbecker-ag.com\\\/fr\\\/#\\\/schema\\\/logo\\\/image\\\/\",\"url\":\"https:\\\/\\\/parrishandheimbecker-ag.com\\\/wp-content\\\/uploads\\\/2024\\\/08\\\/PH-Shield_Ampersand_Lockup_RGB-300x226-1.png\",\"contentUrl\":\"https:\\\/\\\/parrishandheimbecker-ag.com\\\/wp-content\\\/uploads\\\/2024\\\/08\\\/PH-Shield_Ampersand_Lockup_RGB-300x226-1.png\",\"width\":300,\"height\":226,\"caption\":\"P&H Agriculture\"},\"image\":{\"@id\":\"https:\\\/\\\/parrishandheimbecker-ag.com\\\/fr\\\/#\\\/schema\\\/logo\\\/image\\\/\"},\"sameAs\":[\"https:\\\/\\\/www.facebook.com\\\/ParrishHeimbecker\",\"https:\\\/\\\/x.com\\\/ParrishHeimbeck\"]},{\"@type\":\"Person\",\"@id\":\"https:\\\/\\\/parrishandheimbecker-ag.com\\\/fr\\\/#\\\/schema\\\/person\\\/b547db8165d52796454c22ee4d48b08e\",\"name\":\"Oksana Preachuk\",\"image\":{\"@type\":\"ImageObject\",\"inLanguage\":\"fr-FR\",\"@id\":\"https:\\\/\\\/secure.gravatar.com\\\/avatar\\\/d7a47a25350fac02d20f452da6f098b6608349d42624a287cfb4f0c276bcac88?s=96&d=mm&r=g\",\"url\":\"https:\\\/\\\/secure.gravatar.com\\\/avatar\\\/d7a47a25350fac02d20f452da6f098b6608349d42624a287cfb4f0c276bcac88?s=96&d=mm&r=g\",\"contentUrl\":\"https:\\\/\\\/secure.gravatar.com\\\/avatar\\\/d7a47a25350fac02d20f452da6f098b6608349d42624a287cfb4f0c276bcac88?s=96&d=mm&r=g\",\"caption\":\"Oksana Preachuk\"},\"url\":\"https:\\\/\\\/parrishandheimbecker-ag.com\\\/fr\\\/author\\\/oksana-preachuk\\\/\"}]}<\/script>\n<!-- \/ Yoast SEO Premium plugin. -->","yoast_head_json":{"title":"Valeur des terres agricoles au Canada en 2024 \u2013 Rapport de la FAC - P&amp;H Crop Inputs and Grain","robots":{"index":"index","follow":"follow","max-snippet":"max-snippet:-1","max-image-preview":"max-image-preview:large","max-video-preview":"max-video-preview:-1"},"canonical":"https:\/\/parrishandheimbecker-ag.com\/fr\/2024-farmland-values-in-canada-fcc-report\/","og_locale":"fr_FR","og_type":"article","og_title":"Valeur des terres agricoles au Canada en 2024 \u2013 Rapport de la FAC","og_description":"La valeur moyenne des terres agricoles cultiv\u00e9es au Canada a augment\u00e9 de 9,3 % en...","og_url":"https:\/\/parrishandheimbecker-ag.com\/fr\/2024-farmland-values-in-canada-fcc-report\/","og_site_name":"P&amp;H Crop Inputs and Grain","article_publisher":"https:\/\/www.facebook.com\/ParrishHeimbecker","article_published_time":"2025-04-02T18:38:16+00:00","article_modified_time":"2026-01-29T20:39:03+00:00","og_image":[{"width":800,"height":420,"url":"https:\/\/parrishandheimbecker-ag.com\/wp-content\/uploads\/2025\/04\/7dcafd53-cf02-47a8-a346-ce5c13fc6747.jpg","type":"image\/jpeg"}],"author":"Oksana Preachuk","twitter_card":"summary_large_image","twitter_creator":"@ParrishHeimbeck","twitter_site":"@ParrishHeimbeck","twitter_misc":{"Written by":"Oksana Preachuk","Est. reading time":"1 minute"},"schema":{"@context":"https:\/\/schema.org","@graph":[{"@type":"Article","@id":"https:\/\/parrishandheimbecker-ag.com\/fr\/2024-farmland-values-in-canada-fcc-report\/#article","isPartOf":{"@id":"https:\/\/parrishandheimbecker-ag.com\/fr\/2024-farmland-values-in-canada-fcc-report\/"},"author":{"name":"Oksana Preachuk","@id":"https:\/\/parrishandheimbecker-ag.com\/fr\/#\/schema\/person\/b547db8165d52796454c22ee4d48b08e"},"headline":"Valeur des terres agricoles au Canada en 2024 \u2013 Rapport de la FAC","datePublished":"2025-04-02T18:38:16+00:00","dateModified":"2026-01-29T20:39:03+00:00","mainEntityOfPage":{"@id":"https:\/\/parrishandheimbecker-ag.com\/fr\/2024-farmland-values-in-canada-fcc-report\/"},"wordCount":106,"commentCount":0,"publisher":{"@id":"https:\/\/parrishandheimbecker-ag.com\/fr\/#organization"},"image":{"@id":"https:\/\/parrishandheimbecker-ag.com\/fr\/2024-farmland-values-in-canada-fcc-report\/#primaryimage"},"thumbnailUrl":"https:\/\/parrishandheimbecker-ag.com\/wp-content\/uploads\/2025\/04\/7dcafd53-cf02-47a8-a346-ce5c13fc6747.jpg","articleSection":["Eastern Canada","Western Canada"],"inLanguage":"fr-FR","potentialAction":[{"@type":"CommentAction","name":"Comment","target":["https:\/\/parrishandheimbecker-ag.com\/fr\/2024-farmland-values-in-canada-fcc-report\/#respond"]}]},{"@type":"WebPage","@id":"https:\/\/parrishandheimbecker-ag.com\/fr\/2024-farmland-values-in-canada-fcc-report\/","url":"https:\/\/parrishandheimbecker-ag.com\/fr\/2024-farmland-values-in-canada-fcc-report\/","name":"Valeur des terres agricoles au Canada en 2024 \u2013 Rapport de la FAC - P&amp;H Crop Inputs and Grain","isPartOf":{"@id":"https:\/\/parrishandheimbecker-ag.com\/fr\/#website"},"primaryImageOfPage":{"@id":"https:\/\/parrishandheimbecker-ag.com\/fr\/2024-farmland-values-in-canada-fcc-report\/#primaryimage"},"image":{"@id":"https:\/\/parrishandheimbecker-ag.com\/fr\/2024-farmland-values-in-canada-fcc-report\/#primaryimage"},"thumbnailUrl":"https:\/\/parrishandheimbecker-ag.com\/wp-content\/uploads\/2025\/04\/7dcafd53-cf02-47a8-a346-ce5c13fc6747.jpg","datePublished":"2025-04-02T18:38:16+00:00","dateModified":"2026-01-29T20:39:03+00:00","breadcrumb":{"@id":"https:\/\/parrishandheimbecker-ag.com\/fr\/2024-farmland-values-in-canada-fcc-report\/#breadcrumb"},"inLanguage":"fr-FR","potentialAction":[{"@type":"ReadAction","target":["https:\/\/parrishandheimbecker-ag.com\/fr\/2024-farmland-values-in-canada-fcc-report\/"]}]},{"@type":"ImageObject","inLanguage":"fr-FR","@id":"https:\/\/parrishandheimbecker-ag.com\/fr\/2024-farmland-values-in-canada-fcc-report\/#primaryimage","url":"https:\/\/parrishandheimbecker-ag.com\/wp-content\/uploads\/2025\/04\/7dcafd53-cf02-47a8-a346-ce5c13fc6747.jpg","contentUrl":"https:\/\/parrishandheimbecker-ag.com\/wp-content\/uploads\/2025\/04\/7dcafd53-cf02-47a8-a346-ce5c13fc6747.jpg"},{"@type":"BreadcrumbList","@id":"https:\/\/parrishandheimbecker-ag.com\/fr\/2024-farmland-values-in-canada-fcc-report\/#breadcrumb","itemListElement":[{"@type":"ListItem","position":1,"name":"Home","item":"https:\/\/parrishandheimbecker-ag.com\/fr\/"},{"@type":"ListItem","position":2,"name":"Valeur des terres agricoles au Canada en 2024 \u2013 Rapport de la FAC"}]},{"@type":"WebSite","@id":"https:\/\/parrishandheimbecker-ag.com\/fr\/#website","url":"https:\/\/parrishandheimbecker-ag.com\/fr\/","name":"P&H Crop Inputs and Grain","description":"","publisher":{"@id":"https:\/\/parrishandheimbecker-ag.com\/fr\/#organization"},"alternateName":"Parrish & Heimbecker Crop Inputs and Grain","potentialAction":[{"@type":"SearchAction","target":{"@type":"EntryPoint","urlTemplate":"https:\/\/parrishandheimbecker-ag.com\/fr\/?s={search_term_string}"},"query-input":{"@type":"PropertyValueSpecification","valueRequired":true,"valueName":"search_term_string"}}],"inLanguage":"fr-FR"},{"@type":"Organization","@id":"https:\/\/parrishandheimbecker-ag.com\/fr\/#organization","name":"P&H Agriculture","url":"https:\/\/parrishandheimbecker-ag.com\/fr\/","logo":{"@type":"ImageObject","inLanguage":"fr-FR","@id":"https:\/\/parrishandheimbecker-ag.com\/fr\/#\/schema\/logo\/image\/","url":"https:\/\/parrishandheimbecker-ag.com\/wp-content\/uploads\/2024\/08\/PH-Shield_Ampersand_Lockup_RGB-300x226-1.png","contentUrl":"https:\/\/parrishandheimbecker-ag.com\/wp-content\/uploads\/2024\/08\/PH-Shield_Ampersand_Lockup_RGB-300x226-1.png","width":300,"height":226,"caption":"P&H Agriculture"},"image":{"@id":"https:\/\/parrishandheimbecker-ag.com\/fr\/#\/schema\/logo\/image\/"},"sameAs":["https:\/\/www.facebook.com\/ParrishHeimbecker","https:\/\/x.com\/ParrishHeimbeck"]},{"@type":"Person","@id":"https:\/\/parrishandheimbecker-ag.com\/fr\/#\/schema\/person\/b547db8165d52796454c22ee4d48b08e","name":"Oksana Preachuk","image":{"@type":"ImageObject","inLanguage":"fr-FR","@id":"https:\/\/secure.gravatar.com\/avatar\/d7a47a25350fac02d20f452da6f098b6608349d42624a287cfb4f0c276bcac88?s=96&d=mm&r=g","url":"https:\/\/secure.gravatar.com\/avatar\/d7a47a25350fac02d20f452da6f098b6608349d42624a287cfb4f0c276bcac88?s=96&d=mm&r=g","contentUrl":"https:\/\/secure.gravatar.com\/avatar\/d7a47a25350fac02d20f452da6f098b6608349d42624a287cfb4f0c276bcac88?s=96&d=mm&r=g","caption":"Oksana Preachuk"},"url":"https:\/\/parrishandheimbecker-ag.com\/fr\/author\/oksana-preachuk\/"}]}},"_links":{"self":[{"href":"https:\/\/parrishandheimbecker-ag.com\/fr\/wp-json\/wp\/v2\/posts\/4115","targetHints":{"allow":["GET"]}}],"collection":[{"href":"https:\/\/parrishandheimbecker-ag.com\/fr\/wp-json\/wp\/v2\/posts"}],"about":[{"href":"https:\/\/parrishandheimbecker-ag.com\/fr\/wp-json\/wp\/v2\/types\/post"}],"author":[{"embeddable":true,"href":"https:\/\/parrishandheimbecker-ag.com\/fr\/wp-json\/wp\/v2\/users\/7"}],"replies":[{"embeddable":true,"href":"https:\/\/parrishandheimbecker-ag.com\/fr\/wp-json\/wp\/v2\/comments?post=4115"}],"version-history":[{"count":0,"href":"https:\/\/parrishandheimbecker-ag.com\/fr\/wp-json\/wp\/v2\/posts\/4115\/revisions"}],"wp:attachment":[{"href":"https:\/\/parrishandheimbecker-ag.com\/fr\/wp-json\/wp\/v2\/media?parent=4115"}],"wp:term":[{"taxonomy":"category","embeddable":true,"href":"https:\/\/parrishandheimbecker-ag.com\/fr\/wp-json\/wp\/v2\/categories?post=4115"},{"taxonomy":"post_tag","embeddable":true,"href":"https:\/\/parrishandheimbecker-ag.com\/fr\/wp-json\/wp\/v2\/tags?post=4115"}],"curies":[{"name":"wp","href":"https:\/\/api.w.org\/{rel}","templated":true}]}}